{"id":1037,"date":"2021-05-11T20:10:34","date_gmt":"2021-05-11T19:10:34","guid":{"rendered":"http:\/\/www.le-masque.com\/wp2\/?p=1037"},"modified":"2021-05-11T20:10:34","modified_gmt":"2021-05-11T19:10:34","slug":"culte-a-leglise-reformee-du-bouclier-a-strasbourg","status":"publish","type":"post","link":"http:\/\/www.le-masque.com\/wp2\/2021\/05\/11\/culte-a-leglise-reformee-du-bouclier-a-strasbourg\/","title":{"rendered":"Culte \u00e0 l&rsquo;\u00e9glise r\u00e9form\u00e9e du Bouclier \u00e0 Strasbourg"},"content":{"rendered":"<h2>Dimanche 6 juin \u00e0 11h<\/h2>\n<p>Participation \u00e0 un culte \u00e0 l&rsquo;\u00e9glise r\u00e9form\u00e9e du Bouclier \u00e0 Strasbourg<br \/>\nMarc Hervieux, fl\u00fbte \u00e0 bec<\/p>\n","protected":false},"excerpt":{"rendered":"<p>Dimanche 6 juin \u00e0 11h Participation \u00e0 un culte \u00e0 l&rsquo;\u00e9glise r\u00e9form\u00e9e du Bouclier \u00e0 Strasbourg Marc Hervieux, fl\u00fbte \u00e0 bec<\/p>\n","protected":false},"author":1,"featured_media":0,"comment_status":"closed","ping_status":"closed","sticky":false,"template":"","format":"standard","meta":{"footnotes":""},"categories":[1],"tags":[],"_links":{"self":[{"href":"http:\/\/www.le-masque.com\/wp2\/wp-json\/wp\/v2\/posts\/1037"}],"collection":[{"href":"http:\/\/www.le-masque.com\/wp2\/wp-json\/wp\/v2\/posts"}],"about":[{"href":"http:\/\/www.le-masque.com\/wp2\/wp-json\/wp\/v2\/types\/post"}],"author":[{"embeddable":true,"href":"http:\/\/www.le-masque.com\/wp2\/wp-json\/wp\/v2\/users\/1"}],"replies":[{"embeddable":true,"href":"http:\/\/www.le-masque.com\/wp2\/wp-json\/wp\/v2\/comments?post=1037"}],"version-history":[{"count":1,"href":"http:\/\/www.le-masque.com\/wp2\/wp-json\/wp\/v2\/posts\/1037\/revisions"}],"predecessor-version":[{"id":1038,"href":"http:\/\/www.le-masque.com\/wp2\/wp-json\/wp\/v2\/posts\/1037\/revisions\/1038"}],"wp:attachment":[{"href":"http:\/\/www.le-masque.com\/wp2\/wp-json\/wp\/v2\/media?parent=1037"}],"wp:term":[{"taxonomy":"category","embeddable":true,"href":"http:\/\/www.le-masque.com\/wp2\/wp-json\/wp\/v2\/categories?post=1037"},{"taxonomy":"post_tag","embeddable":true,"href":"http:\/\/www.le-masque.com\/wp2\/wp-json\/wp\/v2\/tags?post=1037"}],"curies":[{"name":"wp","href":"https:\/\/api.w.org\/{rel}","templated":true}]}}